{"id":653,"date":"2023-07-12T04:57:00","date_gmt":"2023-07-12T02:57:00","guid":{"rendered":"https:\/\/www.croquetarte.es\/noticias\/?p=653"},"modified":"2023-07-11T17:04:44","modified_gmt":"2023-07-11T15:04:44","slug":"cabrales-con-membrillo-a-la-sidra","status":"publish","type":"post","link":"https:\/\/www.croquetarte.es\/noticias\/cabrales-con-membrillo-a-la-sidra\/","title":{"rendered":"Cabrales con membrillo a la Sidra"},"content":{"rendered":"\n<div style=\"height:30px\" aria-hidden=\"true\" class=\"wp-block-spacer\"><\/div>\n\n\n\n<p class=\"has-text-color\" style=\"color:#5d2417\"><strong>Hoy os presentamos nuestra \u00faltima creaci\u00f3n,<\/strong> el \u00faltimo sabor que hemos introducido en la carta de CroquetArte desde hace unos meses, nos referimos a <strong>la croqueta de Cabrales con membrillo a la Sidra.<\/strong><\/p>\n\n\n\n<p>Quiz\u00e1s alguno no la conozc\u00e1is y no hab\u00e9is tenido la oportunidad de probarla, por eso, os la queremos presentar en nuestra p\u00e1gina web y seguro que estar\u00e1 en vuestro plato la pr\u00f3xima vez que veng\u00e1is a CroquetArte.<\/p>\n\n\n\n<p class=\"has-text-color\" style=\"color:#5d2417\">Como bien pod\u00e9is imaginar, <strong>esta croqueta tiene una fuerte influencia asturiana debido a sus ingredientes, que vamos a desglosarlos a continuaci\u00f3n.<\/strong><\/p>\n\n\n\n<div style=\"height:30px\" aria-hidden=\"true\" class=\"wp-block-spacer\"><\/div>\n\n\n<div class=\"wp-block-image\">\n<figure class=\"aligncenter size-large\"><a href=\"https:\/\/www.croquetarte.es\/noticias\/wp-content\/uploads\/2023\/03\/Cabrales-con-membrillo-a-la-sidra-HIG.jpg\"><img fetchpriority=\"high\" decoding=\"async\" width=\"576\" height=\"1024\" src=\"https:\/\/www.croquetarte.es\/noticias\/wp-content\/uploads\/2023\/03\/Cabrales-con-membrillo-a-la-sidra-HIG-576x1024.jpg\" alt=\"Croqueta de Cabrales con membrillo a la sidra - CroquetArte\" class=\"wp-image-486\" srcset=\"https:\/\/www.croquetarte.es\/noticias\/wp-content\/uploads\/2023\/03\/Cabrales-con-membrillo-a-la-sidra-HIG-576x1024.jpg 576w, https:\/\/www.croquetarte.es\/noticias\/wp-content\/uploads\/2023\/03\/Cabrales-con-membrillo-a-la-sidra-HIG-169x300.jpg 169w, https:\/\/www.croquetarte.es\/noticias\/wp-content\/uploads\/2023\/03\/Cabrales-con-membrillo-a-la-sidra-HIG-768x1365.jpg 768w, https:\/\/www.croquetarte.es\/noticias\/wp-content\/uploads\/2023\/03\/Cabrales-con-membrillo-a-la-sidra-HIG-864x1536.jpg 864w, https:\/\/www.croquetarte.es\/noticias\/wp-content\/uploads\/2023\/03\/Cabrales-con-membrillo-a-la-sidra-HIG.jpg 1080w\" sizes=\"(max-width: 576px) 100vw, 576px\" \/><\/a><\/figure><\/div>\n\n\n<div style=\"height:30px\" aria-hidden=\"true\" class=\"wp-block-spacer\"><\/div>\n\n\n\n<h2 class=\"wp-block-heading has-text-color\" style=\"color:#5d2417\">SABOR ASTURIANO EN ZARAGOZA<\/h2>\n\n\n\n<div style=\"height:30px\" aria-hidden=\"true\" class=\"wp-block-spacer\"><\/div>\n\n\n\n<p class=\"has-text-color\" style=\"color:#5d2417\"><strong>El queso de Cabrales es un queso de tipo azul que se elabora en el Principado de Asturias (Espa\u00f1a) a partir de leche de vaca, cabra u oveja sin pasteurizar, o alguna mezcla de dos o tres de estas.<\/strong><\/p>\n\n\n\n<p class=\"has-text-color\" style=\"color:#5d2417\">Una de sus se\u00f1as de identidad m\u00e1s caracter\u00edsticas es su fuerte sabor. <strong>Su sabor es diferente a su aroma y destaca por ser muy salado, su sabor \u00e1cido y agudo.<\/strong><\/p>\n\n\n\n<p>Adem\u00e1s, como curiosidad, el \u00faltimo domingo de agosto se celebra en Arenas de Cabrales el Certamen del queso Cabrales. <\/p>\n\n\n\n<p>Se trata de una exposici\u00f3n donde los artesanos productores de este queso presentan sus productos. Adem\u00e1s, tiene lugar un concurso para elegir el mejor queso y el mejor lote. As\u00ed que si os interesa hacer una visita este verano, es una gran oportunidad.<\/p>\n\n\n\n<div style=\"height:30px\" aria-hidden=\"true\" class=\"wp-block-spacer\"><\/div>\n\n\n<div class=\"wp-block-image\">\n<figure class=\"aligncenter size-large\"><a href=\"https:\/\/www.croquetarte.es\/noticias\/nuestros-sabores\/cabrales-con-membrillo-a-la-sidra\/\"><img decoding=\"async\" width=\"1024\" height=\"682\" src=\"https:\/\/www.croquetarte.es\/noticias\/wp-content\/uploads\/2023\/03\/Cabrales-con-membrillo-a-la-sidra-1024x682.jpg\" alt=\"Croqueta de Cabrales con membrillo a la sidra - CroquetArte\" class=\"wp-image-485\" srcset=\"https:\/\/www.croquetarte.es\/noticias\/wp-content\/uploads\/2023\/03\/Cabrales-con-membrillo-a-la-sidra-1024x682.jpg 1024w, https:\/\/www.croquetarte.es\/noticias\/wp-content\/uploads\/2023\/03\/Cabrales-con-membrillo-a-la-sidra-300x200.jpg 300w, https:\/\/www.croquetarte.es\/noticias\/wp-content\/uploads\/2023\/03\/Cabrales-con-membrillo-a-la-sidra-768x512.jpg 768w, https:\/\/www.croquetarte.es\/noticias\/wp-content\/uploads\/2023\/03\/Cabrales-con-membrillo-a-la-sidra-1536x1024.jpg 1536w, https:\/\/www.croquetarte.es\/noticias\/wp-content\/uploads\/2023\/03\/Cabrales-con-membrillo-a-la-sidra-840x560.jpg 840w, https:\/\/www.croquetarte.es\/noticias\/wp-content\/uploads\/2023\/03\/Cabrales-con-membrillo-a-la-sidra-120x80.jpg 120w, https:\/\/www.croquetarte.es\/noticias\/wp-content\/uploads\/2023\/03\/Cabrales-con-membrillo-a-la-sidra-360x240.jpg 360w, https:\/\/www.croquetarte.es\/noticias\/wp-content\/uploads\/2023\/03\/Cabrales-con-membrillo-a-la-sidra-600x400.jpg 600w, https:\/\/www.croquetarte.es\/noticias\/wp-content\/uploads\/2023\/03\/Cabrales-con-membrillo-a-la-sidra.jpg 2000w\" sizes=\"(max-width: 1024px) 100vw, 1024px\" \/><\/a><\/figure><\/div>\n\n\n<div style=\"height:30px\" aria-hidden=\"true\" class=\"wp-block-spacer\"><\/div>\n\n\n\n<p class=\"has-text-color\" style=\"color:#5d2417\"><strong>La sidra \u200b es una bebida alcoh\u00f3lica fabricada con el jugo fermentado de la manzana de baja graduaci\u00f3n. <\/strong><\/p>\n\n\n\n<p class=\"has-text-color\" style=\"color:#5d2417\"><strong>La sidra tradicional proporciona un sabor amplio y equilibrado, una sinton\u00eda perfecta entre lo dulce, lo \u00e1cido y lo amargo. <\/strong><\/p>\n\n\n\n<p>Esta sinton\u00eda viene dada por el \u00fanico uso de tres clases de manzanas aut\u00f3ctonas, que le aportan la acidez del m\u00e1lico, el cuerpo de los taninos, y el dulzor de los az\u00facares.<\/p>\n\n\n\n<p class=\"has-text-color\" style=\"color:#5d2417\">Por su parte, <strong>la dulzura del membrillo se compenetra a la perfecci\u00f3n con el queso de cabrales aportando ese toque caracter\u00edstico que va a inundar el paladar de una mezcla de sabores.<\/strong><\/p>\n\n\n\n<div style=\"height:30px\" aria-hidden=\"true\" class=\"wp-block-spacer\"><\/div>\n\n\n\n<h2 class=\"wp-block-heading has-text-color\" style=\"color:#5d2417\">EST\u00c1 CAUSANDO SENSACI\u00d3N<\/h2>\n\n\n\n<div style=\"height:30px\" aria-hidden=\"true\" class=\"wp-block-spacer\"><\/div>\n\n\n\n<p class=\"has-text-color\" style=\"color:#5d2417\">Si hace poco os desvelamos que <strong><a href=\"https:\/\/www.croquetarte.es\/noticias\/cual-es-nuestra-croqueta-mas-vendida\/\" target=\"_blank\" rel=\"noreferrer noopener\">nuestra croqueta m\u00e1s vendida era la de jam\u00f3n,<\/a><\/strong> no nos equivocamos si os decimos que nuestra \u00faltima creaci\u00f3n , <strong>la croqueta de Cabrales con membrillo a la Sidra est\u00e1 causando una gran sensaci\u00f3n entre nuestros clientes.<\/strong><\/p>\n\n\n\n<p class=\"has-text-color\" style=\"color:#5d2417\">Un sabor que no es habitual en una croqueta, pero que gracias a muchos meses de an\u00e1lisis y preparaci\u00f3n<strong>, hemos conseguido en nuestro obrador propio un sabor que est\u00e1 gustando a los paladares m\u00e1s exigentes de nuestros clientes.<\/strong><\/p>\n\n\n\n<p>Recuerda la pr\u00f3xima vez que vengas a CroquetArte de incluir nuestra \u00faltima creaci\u00f3n en tu carta y cu\u00e9ntanos luego en las redes sociales tu opini\u00f3n, sobre el sabor m\u00e1s asturiano que hemos a\u00f1adido a una croqueta.<\/p>\n\n\n\n<p class=\"has-text-color\" style=\"color:#5d2417\"><strong>Te esperamos en CroquetArte para que saborees lo mejor de Asturias en <a href=\"https:\/\/www.croquetarte.es\/noticias\/locales\/\" target=\"_blank\" rel=\"noreferrer noopener\">nuestros locales con encanto.<\/a><\/strong><\/p>\n\n\n\n<div style=\"height:30px\" aria-hidden=\"true\" class=\"wp-block-spacer\"><\/div>\n\n\n\n<figure class=\"wp-block-image size-full\"><a href=\"https:\/\/www.croquetarte.es\/noticias\/locales\/\" target=\"_blank\" rel=\"noreferrer noopener\"><img decoding=\"async\" width=\"940\" height=\"788\" src=\"https:\/\/www.croquetarte.es\/noticias\/wp-content\/uploads\/2023\/03\/Croquetarte-Coso-6-copia.png\" alt=\"Interior local CroquetArte Coso\" class=\"wp-image-446\" srcset=\"https:\/\/www.croquetarte.es\/noticias\/wp-content\/uploads\/2023\/03\/Croquetarte-Coso-6-copia.png 940w, https:\/\/www.croquetarte.es\/noticias\/wp-content\/uploads\/2023\/03\/Croquetarte-Coso-6-copia-300x251.png 300w, https:\/\/www.croquetarte.es\/noticias\/wp-content\/uploads\/2023\/03\/Croquetarte-Coso-6-copia-768x644.png 768w\" sizes=\"(max-width: 940px) 100vw, 940px\" \/><\/a><\/figure>\n\n\n\n<div style=\"height:100px\" aria-hidden=\"true\" class=\"wp-block-spacer\"><\/div>\n","protected":false},"excerpt":{"rendered":"<p>Hoy os presentamos nuestra \u00faltima creaci\u00f3n, el \u00faltimo sabor que hemos introducido en la carta de CroquetArte desde hace unos  [&#8230;]<\/p>\n","protected":false},"author":2,"featured_media":654,"comment_status":"open","ping_status":"closed","sticky":false,"template":"","format":"standard","meta":[],"categories":[4,7],"tags":[93,90,13,27,20,91,15,22,24,37,92,25,23,12],"yoast_head":"<!-- This site is optimized with the Yoast SEO plugin v21.6 - https:\/\/yoast.com\/wordpress\/plugins\/seo\/ -->\n<title>Cabrales con membrillo a la Sidra - CroquetArte<\/title>\n<meta name=\"description\" content=\"Hoy os presentamos nuestra \u00faltima creaci\u00f3n, la croqueta de Cabrales con membrillo a la Sidra. Un sabor que conquistar\u00e1 tu paladar.\" \/>\n<meta name=\"robots\" content=\"index, follow, max-snippet:-1, max-image-preview:large, max-video-preview:-1\" \/>\n<link rel=\"canonical\" href=\"https:\/\/www.croquetarte.es\/noticias\/cabrales-con-membrillo-a-la-sidra\/\" \/>\n<meta property=\"og:locale\" content=\"es_ES\" \/>\n<meta property=\"og:type\" content=\"article\" \/>\n<meta property=\"og:title\" content=\"Cabrales con membrillo a la sidra - CroquetArte\" \/>\n<meta property=\"og:description\" content=\"Hoy os presentamos nuestra \u00faltima creaci\u00f3n, la croqueta de Cabrales con membrillo a la Sidra. Un sabor que conquistar\u00e1 tu paladar.\" \/>\n<meta property=\"og:url\" content=\"https:\/\/www.croquetarte.es\/noticias\/cabrales-con-membrillo-a-la-sidra\/\" \/>\n<meta property=\"og:site_name\" content=\"CroquetArte\" \/>\n<meta property=\"article:publisher\" content=\"https:\/\/www.facebook.com\/croquetartezaragoza\" \/>\n<meta property=\"article:published_time\" content=\"2023-07-12T02:57:00+00:00\" \/>\n<meta property=\"article:modified_time\" content=\"2023-07-11T15:04:44+00:00\" \/>\n<meta property=\"og:image\" content=\"https:\/\/www.croquetarte.es\/noticias\/wp-content\/uploads\/2023\/06\/cabrales-FB.jpg\" \/>\n\t<meta property=\"og:image:width\" content=\"1200\" \/>\n\t<meta property=\"og:image:height\" content=\"628\" \/>\n\t<meta property=\"og:image:type\" content=\"image\/jpeg\" \/>\n<meta name=\"author\" content=\"Croquetarte\" \/>\n<meta name=\"twitter:card\" content=\"summary_large_image\" \/>\n<meta name=\"twitter:title\" content=\"Cabrales con membrillo a la sidra - CroquetArte\" \/>\n<meta name=\"twitter:description\" content=\"Hoy os presentamos nuestra \u00faltima creaci\u00f3n, la croqueta de Cabrales con membrillo a la Sidra. Un sabor que conquistar\u00e1 tu paladar.\" \/>\n<meta name=\"twitter:image\" content=\"https:\/\/www.croquetarte.es\/noticias\/wp-content\/uploads\/2023\/06\/cabrales-FB.jpg\" \/>\n<meta name=\"twitter:label1\" content=\"Escrito por\" \/>\n\t<meta name=\"twitter:data1\" content=\"Croquetarte\" \/>\n\t<meta name=\"twitter:label2\" content=\"Tiempo de lectura\" \/>\n\t<meta name=\"twitter:data2\" content=\"3 minutos\" \/>\n<script type=\"application\/ld+json\" class=\"yoast-schema-graph\">{\"@context\":\"https:\/\/schema.org\",\"@graph\":[{\"@type\":\"Article\",\"@id\":\"https:\/\/www.croquetarte.es\/noticias\/cabrales-con-membrillo-a-la-sidra\/#article\",\"isPartOf\":{\"@id\":\"https:\/\/www.croquetarte.es\/noticias\/cabrales-con-membrillo-a-la-sidra\/\"},\"author\":{\"name\":\"Croquetarte\",\"@id\":\"https:\/\/www.croquetarte.es\/noticias\/#\/schema\/person\/8da043766523ef3fb6b881bb283bc0ea\"},\"headline\":\"Cabrales con membrillo a la Sidra\",\"datePublished\":\"2023-07-12T02:57:00+00:00\",\"dateModified\":\"2023-07-11T15:04:44+00:00\",\"mainEntityOfPage\":{\"@id\":\"https:\/\/www.croquetarte.es\/noticias\/cabrales-con-membrillo-a-la-sidra\/\"},\"wordCount\":506,\"commentCount\":0,\"publisher\":{\"@id\":\"https:\/\/www.croquetarte.es\/noticias\/#organization\"},\"keywords\":[\"ASturias\",\"cabrales\",\"croquetArte\",\"croquetas\",\"gourmet\",\"membrillo\",\"noticias\",\"novedad\",\"Redes Sociales\",\"sabores\",\"sidra\",\"S\u00edguenos\",\"vis\u00edtanos\",\"zaragoza\"],\"articleSection\":[\"Noticias\",\"Sabores\"],\"inLanguage\":\"es\",\"potentialAction\":[{\"@type\":\"CommentAction\",\"name\":\"Comment\",\"target\":[\"https:\/\/www.croquetarte.es\/noticias\/cabrales-con-membrillo-a-la-sidra\/#respond\"]}]},{\"@type\":\"WebPage\",\"@id\":\"https:\/\/www.croquetarte.es\/noticias\/cabrales-con-membrillo-a-la-sidra\/\",\"url\":\"https:\/\/www.croquetarte.es\/noticias\/cabrales-con-membrillo-a-la-sidra\/\",\"name\":\"Cabrales con membrillo a la Sidra - CroquetArte\",\"isPartOf\":{\"@id\":\"https:\/\/www.croquetarte.es\/noticias\/#website\"},\"datePublished\":\"2023-07-12T02:57:00+00:00\",\"dateModified\":\"2023-07-11T15:04:44+00:00\",\"description\":\"Hoy os presentamos nuestra \u00faltima creaci\u00f3n, la croqueta de Cabrales con membrillo a la Sidra. Un sabor que conquistar\u00e1 tu paladar.\",\"breadcrumb\":{\"@id\":\"https:\/\/www.croquetarte.es\/noticias\/cabrales-con-membrillo-a-la-sidra\/#breadcrumb\"},\"inLanguage\":\"es\",\"potentialAction\":[{\"@type\":\"ReadAction\",\"target\":[\"https:\/\/www.croquetarte.es\/noticias\/cabrales-con-membrillo-a-la-sidra\/\"]}]},{\"@type\":\"BreadcrumbList\",\"@id\":\"https:\/\/www.croquetarte.es\/noticias\/cabrales-con-membrillo-a-la-sidra\/#breadcrumb\",\"itemListElement\":[{\"@type\":\"ListItem\",\"position\":1,\"name\":\"Portada\",\"item\":\"https:\/\/www.croquetarte.es\/noticias\/\"},{\"@type\":\"ListItem\",\"position\":2,\"name\":\"Cabrales con membrillo a la Sidra\"}]},{\"@type\":\"WebSite\",\"@id\":\"https:\/\/www.croquetarte.es\/noticias\/#website\",\"url\":\"https:\/\/www.croquetarte.es\/noticias\/\",\"name\":\"CroquetArte\",\"description\":\"Croquetas gourmet (saladas, dulces y sin gluten)\",\"publisher\":{\"@id\":\"https:\/\/www.croquetarte.es\/noticias\/#organization\"},\"potentialAction\":[{\"@type\":\"SearchAction\",\"target\":{\"@type\":\"EntryPoint\",\"urlTemplate\":\"https:\/\/www.croquetarte.es\/noticias\/?s={search_term_string}\"},\"query-input\":\"required name=search_term_string\"}],\"inLanguage\":\"es\"},{\"@type\":\"Organization\",\"@id\":\"https:\/\/www.croquetarte.es\/noticias\/#organization\",\"name\":\"CroquetArte\",\"url\":\"https:\/\/www.croquetarte.es\/noticias\/\",\"logo\":{\"@type\":\"ImageObject\",\"inLanguage\":\"es\",\"@id\":\"https:\/\/www.croquetarte.es\/noticias\/#\/schema\/logo\/image\/\",\"url\":\"https:\/\/www.croquetarte.es\/noticias\/wp-content\/uploads\/2022\/11\/Croquetarte-logo.png\",\"contentUrl\":\"https:\/\/www.croquetarte.es\/noticias\/wp-content\/uploads\/2022\/11\/Croquetarte-logo.png\",\"width\":742,\"height\":204,\"caption\":\"CroquetArte\"},\"image\":{\"@id\":\"https:\/\/www.croquetarte.es\/noticias\/#\/schema\/logo\/image\/\"},\"sameAs\":[\"https:\/\/www.facebook.com\/croquetartezaragoza\",\"https:\/\/www.instagram.com\/croquetarte_\/\"]},{\"@type\":\"Person\",\"@id\":\"https:\/\/www.croquetarte.es\/noticias\/#\/schema\/person\/8da043766523ef3fb6b881bb283bc0ea\",\"name\":\"Croquetarte\",\"image\":{\"@type\":\"ImageObject\",\"inLanguage\":\"es\",\"@id\":\"https:\/\/www.croquetarte.es\/noticias\/#\/schema\/person\/image\/\",\"url\":\"https:\/\/secure.gravatar.com\/avatar\/c75899b759d963851c3ebe30104ce919?s=96&d=mm&r=g\",\"contentUrl\":\"https:\/\/secure.gravatar.com\/avatar\/c75899b759d963851c3ebe30104ce919?s=96&d=mm&r=g\",\"caption\":\"Croquetarte\"},\"url\":\"https:\/\/www.croquetarte.es\/noticias\/author\/croquetarte\/\"}]}<\/script>\n<!-- \/ Yoast SEO plugin. -->","yoast_head_json":{"title":"Cabrales con membrillo a la Sidra - CroquetArte","description":"Hoy os presentamos nuestra \u00faltima creaci\u00f3n, la croqueta de Cabrales con membrillo a la Sidra. Un sabor que conquistar\u00e1 tu paladar.","robots":{"index":"index","follow":"follow","max-snippet":"max-snippet:-1","max-image-preview":"max-image-preview:large","max-video-preview":"max-video-preview:-1"},"canonical":"https:\/\/www.croquetarte.es\/noticias\/cabrales-con-membrillo-a-la-sidra\/","og_locale":"es_ES","og_type":"article","og_title":"Cabrales con membrillo a la sidra - CroquetArte","og_description":"Hoy os presentamos nuestra \u00faltima creaci\u00f3n, la croqueta de Cabrales con membrillo a la Sidra. Un sabor que conquistar\u00e1 tu paladar.","og_url":"https:\/\/www.croquetarte.es\/noticias\/cabrales-con-membrillo-a-la-sidra\/","og_site_name":"CroquetArte","article_publisher":"https:\/\/www.facebook.com\/croquetartezaragoza","article_published_time":"2023-07-12T02:57:00+00:00","article_modified_time":"2023-07-11T15:04:44+00:00","og_image":[{"width":1200,"height":628,"url":"https:\/\/www.croquetarte.es\/noticias\/wp-content\/uploads\/2023\/06\/cabrales-FB.jpg","type":"image\/jpeg"}],"author":"Croquetarte","twitter_card":"summary_large_image","twitter_title":"Cabrales con membrillo a la sidra - CroquetArte","twitter_description":"Hoy os presentamos nuestra \u00faltima creaci\u00f3n, la croqueta de Cabrales con membrillo a la Sidra. Un sabor que conquistar\u00e1 tu paladar.","twitter_image":"https:\/\/www.croquetarte.es\/noticias\/wp-content\/uploads\/2023\/06\/cabrales-FB.jpg","twitter_misc":{"Escrito por":"Croquetarte","Tiempo de lectura":"3 minutos"},"schema":{"@context":"https:\/\/schema.org","@graph":[{"@type":"Article","@id":"https:\/\/www.croquetarte.es\/noticias\/cabrales-con-membrillo-a-la-sidra\/#article","isPartOf":{"@id":"https:\/\/www.croquetarte.es\/noticias\/cabrales-con-membrillo-a-la-sidra\/"},"author":{"name":"Croquetarte","@id":"https:\/\/www.croquetarte.es\/noticias\/#\/schema\/person\/8da043766523ef3fb6b881bb283bc0ea"},"headline":"Cabrales con membrillo a la Sidra","datePublished":"2023-07-12T02:57:00+00:00","dateModified":"2023-07-11T15:04:44+00:00","mainEntityOfPage":{"@id":"https:\/\/www.croquetarte.es\/noticias\/cabrales-con-membrillo-a-la-sidra\/"},"wordCount":506,"commentCount":0,"publisher":{"@id":"https:\/\/www.croquetarte.es\/noticias\/#organization"},"keywords":["ASturias","cabrales","croquetArte","croquetas","gourmet","membrillo","noticias","novedad","Redes Sociales","sabores","sidra","S\u00edguenos","vis\u00edtanos","zaragoza"],"articleSection":["Noticias","Sabores"],"inLanguage":"es","potentialAction":[{"@type":"CommentAction","name":"Comment","target":["https:\/\/www.croquetarte.es\/noticias\/cabrales-con-membrillo-a-la-sidra\/#respond"]}]},{"@type":"WebPage","@id":"https:\/\/www.croquetarte.es\/noticias\/cabrales-con-membrillo-a-la-sidra\/","url":"https:\/\/www.croquetarte.es\/noticias\/cabrales-con-membrillo-a-la-sidra\/","name":"Cabrales con membrillo a la Sidra - CroquetArte","isPartOf":{"@id":"https:\/\/www.croquetarte.es\/noticias\/#website"},"datePublished":"2023-07-12T02:57:00+00:00","dateModified":"2023-07-11T15:04:44+00:00","description":"Hoy os presentamos nuestra \u00faltima creaci\u00f3n, la croqueta de Cabrales con membrillo a la Sidra. Un sabor que conquistar\u00e1 tu paladar.","breadcrumb":{"@id":"https:\/\/www.croquetarte.es\/noticias\/cabrales-con-membrillo-a-la-sidra\/#breadcrumb"},"inLanguage":"es","potentialAction":[{"@type":"ReadAction","target":["https:\/\/www.croquetarte.es\/noticias\/cabrales-con-membrillo-a-la-sidra\/"]}]},{"@type":"BreadcrumbList","@id":"https:\/\/www.croquetarte.es\/noticias\/cabrales-con-membrillo-a-la-sidra\/#breadcrumb","itemListElement":[{"@type":"ListItem","position":1,"name":"Portada","item":"https:\/\/www.croquetarte.es\/noticias\/"},{"@type":"ListItem","position":2,"name":"Cabrales con membrillo a la Sidra"}]},{"@type":"WebSite","@id":"https:\/\/www.croquetarte.es\/noticias\/#website","url":"https:\/\/www.croquetarte.es\/noticias\/","name":"CroquetArte","description":"Croquetas gourmet (saladas, dulces y sin gluten)","publisher":{"@id":"https:\/\/www.croquetarte.es\/noticias\/#organization"},"potentialAction":[{"@type":"SearchAction","target":{"@type":"EntryPoint","urlTemplate":"https:\/\/www.croquetarte.es\/noticias\/?s={search_term_string}"},"query-input":"required name=search_term_string"}],"inLanguage":"es"},{"@type":"Organization","@id":"https:\/\/www.croquetarte.es\/noticias\/#organization","name":"CroquetArte","url":"https:\/\/www.croquetarte.es\/noticias\/","logo":{"@type":"ImageObject","inLanguage":"es","@id":"https:\/\/www.croquetarte.es\/noticias\/#\/schema\/logo\/image\/","url":"https:\/\/www.croquetarte.es\/noticias\/wp-content\/uploads\/2022\/11\/Croquetarte-logo.png","contentUrl":"https:\/\/www.croquetarte.es\/noticias\/wp-content\/uploads\/2022\/11\/Croquetarte-logo.png","width":742,"height":204,"caption":"CroquetArte"},"image":{"@id":"https:\/\/www.croquetarte.es\/noticias\/#\/schema\/logo\/image\/"},"sameAs":["https:\/\/www.facebook.com\/croquetartezaragoza","https:\/\/www.instagram.com\/croquetarte_\/"]},{"@type":"Person","@id":"https:\/\/www.croquetarte.es\/noticias\/#\/schema\/person\/8da043766523ef3fb6b881bb283bc0ea","name":"Croquetarte","image":{"@type":"ImageObject","inLanguage":"es","@id":"https:\/\/www.croquetarte.es\/noticias\/#\/schema\/person\/image\/","url":"https:\/\/secure.gravatar.com\/avatar\/c75899b759d963851c3ebe30104ce919?s=96&d=mm&r=g","contentUrl":"https:\/\/secure.gravatar.com\/avatar\/c75899b759d963851c3ebe30104ce919?s=96&d=mm&r=g","caption":"Croquetarte"},"url":"https:\/\/www.croquetarte.es\/noticias\/author\/croquetarte\/"}]}},"_links":{"self":[{"href":"https:\/\/www.croquetarte.es\/noticias\/wp-json\/wp\/v2\/posts\/653"}],"collection":[{"href":"https:\/\/www.croquetarte.es\/noticias\/wp-json\/wp\/v2\/posts"}],"about":[{"href":"https:\/\/www.croquetarte.es\/noticias\/wp-json\/wp\/v2\/types\/post"}],"author":[{"embeddable":true,"href":"https:\/\/www.croquetarte.es\/noticias\/wp-json\/wp\/v2\/users\/2"}],"replies":[{"embeddable":true,"href":"https:\/\/www.croquetarte.es\/noticias\/wp-json\/wp\/v2\/comments?post=653"}],"version-history":[{"count":3,"href":"https:\/\/www.croquetarte.es\/noticias\/wp-json\/wp\/v2\/posts\/653\/revisions"}],"predecessor-version":[{"id":657,"href":"https:\/\/www.croquetarte.es\/noticias\/wp-json\/wp\/v2\/posts\/653\/revisions\/657"}],"wp:featuredmedia":[{"embeddable":true,"href":"https:\/\/www.croquetarte.es\/noticias\/wp-json\/wp\/v2\/media\/654"}],"wp:attachment":[{"href":"https:\/\/www.croquetarte.es\/noticias\/wp-json\/wp\/v2\/media?parent=653"}],"wp:term":[{"taxonomy":"category","embeddable":true,"href":"https:\/\/www.croquetarte.es\/noticias\/wp-json\/wp\/v2\/categories?post=653"},{"taxonomy":"post_tag","embeddable":true,"href":"https:\/\/www.croquetarte.es\/noticias\/wp-json\/wp\/v2\/tags?post=653"}],"curies":[{"name":"wp","href":"https:\/\/api.w.org\/{rel}","templated":true}]}}